{"id":1045,"date":"2024-06-15T07:36:26","date_gmt":"2024-06-15T07:36:26","guid":{"rendered":"https:\/\/armariosmiera.es\/?p=1045"},"modified":"2024-06-15T07:36:26","modified_gmt":"2024-06-15T07:36:26","slug":"consejos-para-proteger-tus-puertas-de-madera-en-verano","status":"publish","type":"post","link":"https:\/\/armariosmiera.es\/index.php\/2024\/06\/15\/consejos-para-proteger-tus-puertas-de-madera-en-verano\/","title":{"rendered":"Consejos para proteger tus puertas de madera en verano"},"content":{"rendered":"<p>En este art\u00edculo te daremos los consejos que necesitas para proteger tus puertas de madera en verano. Ha llegado el verano y aunque queramos descansar y disfrutar de los largos d\u00edas, tenemos que cuidar nuestra casa para el calor.<\/p>\n<p><!--more--><\/p>\n<p>El verano trae consigo temperaturas elevadas y una mayor exposici\u00f3n al sol, lo que puede afectar a la integridad y la apariencia de las puertas de madera de tu hogar. Para asegurar que tus puertas se mantengan en buen estado durante el verano, es importante seguir una serie de cuidados espec\u00edficos.<\/p>\n<p><strong>Somos expertos en madera y es que en Miera llevamos m\u00e1s de 40 a\u00f1os haciendo puertas, armarios y cocinas, por lo que nuestra larga experiencia nos avala. Si est\u00e1s pensando en dar alg\u00fan cambio a tu hogar, reserva una cita con nuestros expertos. Nos encargaremos de dise\u00f1ar, fabricar e instalar aprovechando al m\u00e1ximo el espacio disponible. Puedes ver nuestro trabajo en nuestro perfil de Instagram donde cada d\u00eda publicamos contenido. <a href=\"https:\/\/www.instagram.com\/puertasmiera\/\">Puedes encontrarnos como @puertasmiera o pulsar sobre estas l\u00edneas e ir directamente.<\/a><\/strong><\/p>\n<h1>Consejos para proteger las puertas de madera en verano<\/h1>\n<h2>Aplicaci\u00f3n de protectores solares<\/h2>\n<p>La radiaci\u00f3n ultravioleta (UV) del sol puede causar decoloraci\u00f3n y deterioro en la madera. Para proteger tus puertas de madera en verano debes usar:<\/p>\n<ul>\n<li>Uso de protectores UV: aplica productos que contengan filtros UV, como barnices o lacas dise\u00f1ados espec\u00edficamente para exteriores. Estos productos forman una barrera que protege la madera de los rayos solares y evita que se decolore.<\/li>\n<li>Reaplicaci\u00f3n regular: es recomendable reaplicar estos protectores al menos una vez al a\u00f1o, preferiblemente antes del inicio del verano, para asegurar una protecci\u00f3n continua.<\/li>\n<\/ul>\n<h2>Mantenimiento del acabado<\/h2>\n<p>El acabado de tus puertas de madera act\u00faa como una primera l\u00ednea de defensa contra el calor y otros elementos. Mantener este acabado en buenas condiciones es crucial.<\/p>\n<ul>\n<li>Lijado y barnizado: si notas que el acabado de tus puertas est\u00e1 desgastado, lija suavemente la superficie y aplica una nueva capa de barniz o sellador. Esto no solo protege la madera sino que tambi\u00e9n realza su apariencia.<\/li>\n<li>Reparaci\u00f3n de imperfecciones: rellena cualquier grieta o hendidura con masilla para madera y lija para un acabado uniforme antes de aplicar el barniz.<\/li>\n<\/ul>\n<h2>Protecci\u00f3n f\u00edsica de las puertas de madera en verano<\/h2>\n<p>Reducir la exposici\u00f3n directa al sol puede hacer una gran diferencia en la preservaci\u00f3n de tus puertas de madera.<\/p>\n<ul>\n<li>Instalaci\u00f3n de toldos o persianas: colocar toldos, persianas o cortinas en las \u00e1reas donde las puertas est\u00e1n expuestas directamente al sol puede ayudar a minimizar el impacto del calor. Estos accesorios act\u00faan como una barrera f\u00edsica que reduce la cantidad de luz solar que llega a la madera.<\/li>\n<li>Uso de pel\u00edculas protectoras: considera la aplicaci\u00f3n de pel\u00edculas protectoras en las ventanas cercanas a las puertas de madera, Estas pel\u00edculas pueden bloquear hasta el 99% de los rayos UV, protegiendo as\u00ed tus puertas del da\u00f1o solar.<\/li>\n<\/ul>\n<h2>Mantenimiento del entorno<\/h2>\n<p>El entorno inmediato de tus puertas tambi\u00e9n puede influir en su durabilidad durante el verano.<\/p>\n<ul>\n<li>Vegetaci\u00f3n estrat\u00e9gica: plantar \u00e1rboles o arbustos cerca de tus puertas puede proporcionar sombra natural y reducir la exposici\u00f3n directa al sol. Aseg\u00farate de que las plantas no est\u00e9n demasiado cerca para evitar problemas de humedad.<\/li>\n<li>Ventilaci\u00f3n adecuada: mant\u00e9n una buena ventilaci\u00f3n en las \u00e1reas donde hay puertas de madera. El flujo de aire ayuda a mantener la temperatura m\u00e1s baja y reduce la acumulaci\u00f3n de humedad.<\/li>\n<\/ul>\n<h2>Limpieza regular<\/h2>\n<p>La limpieza regular es esencial para mantener la belleza y la funcionalidad de las puertas de madera en verano.<\/p>\n<ul>\n<li>Limpieza suave: Limpia tus puertas con un pa\u00f1o suave y ligeramente h\u00famedo para eliminar el polvo y la suciedad. Evita el uso de productos abrasivos que puedan da\u00f1ar el acabado.<\/li>\n<li>Productos espec\u00edficos para madera: Utiliza productos de limpieza dise\u00f1ados para madera. Estos productos no solo limpian, sino que tambi\u00e9n nutren y protegen la superficie.<\/li>\n<\/ul>\n<h2>Prevenci\u00f3n de la humedad para proteger las puertas de madera en verano<\/h2>\n<p>El calor del verano, junto con la posible presencia de humedad, puede causar problemas como la deformaci\u00f3n y el crecimiento de moho en las puertas de madera.<\/p>\n<ul>\n<li>Sellado adecuado: Aseg\u00farate de que todas las superficies de las puertas est\u00e9n bien selladas. Aplica selladores impermeabilizantes en los bordes y \u00e1reas donde la madera est\u00e9 expuesta.<\/li>\n<li>Deshumificadores: En climas h\u00famedos, considera el uso de deshumidificadores en las \u00e1reas donde hay puertas de madera para mantener niveles de humedad controlados.<\/li>\n<\/ul>\n<p>El calor estival puede ser un desaf\u00edo para mantener las puertas de madera en \u00f3ptimas condiciones, pero con los cuidados adecuados, puedes protegerlas eficazmente. Desde la aplicaci\u00f3n de protectores solares hasta la implementaci\u00f3n de medidas f\u00edsicas y de limpieza, cada paso contribuye a prolongar la vida y mantener la belleza de tus puertas de madera. Con estos consejos pr\u00e1cticos, tus puertas podr\u00e1n resistir el calor del verano y seguir siendo una parte funcional y est\u00e9tica de tu hogar.<\/p>\n<p>&nbsp;<\/p>\n","protected":false},"excerpt":{"rendered":"<p>En este art\u00edculo te daremos los consejos que necesitas para proteger tus puertas de madera en verano. Ha llegado el verano y aunque queramos descansar y disfrutar de los largos d\u00edas, tenemos que cuidar nuestra casa para el calor.<\/p>\n","protected":false},"author":5,"featured_media":1069,"comment_status":"open","ping_status":"closed","sticky":false,"template":"","format":"standard","meta":{"footnotes":""},"categories":[42],"tags":[],"yoast_head":"<!-- This site is optimized with the Yoast SEO plugin v21.7 - https:\/\/yoast.com\/wordpress\/plugins\/seo\/ -->\n<title>Consejos para proteger tus puertas de madera en verano - Puertas Miera<\/title>\n<meta name=\"description\" content=\"Si quieres cuidar las puertas de madera de tu casa en verano, te traemos todos los consejos que necesitas.\" \/>\n<meta name=\"robots\" content=\"index, follow, max-snippet:-1, max-image-preview:large, max-video-preview:-1\" \/>\n<link rel=\"canonical\" href=\"https:\/\/armariosmiera.es\/index.php\/2024\/06\/15\/consejos-para-proteger-tus-puertas-de-madera-en-verano\/\" \/>\n<meta property=\"og:locale\" content=\"es_ES\" \/>\n<meta property=\"og:type\" content=\"article\" \/>\n<meta property=\"og:title\" content=\"Consejos para proteger tus puertas de madera en verano - Puertas Miera\" \/>\n<meta property=\"og:description\" content=\"Si quieres cuidar las puertas de madera de tu casa en verano, te traemos todos los consejos que necesitas.\" \/>\n<meta property=\"og:url\" content=\"https:\/\/armariosmiera.es\/index.php\/2024\/06\/15\/consejos-para-proteger-tus-puertas-de-madera-en-verano\/\" \/>\n<meta property=\"og:site_name\" content=\"Puertas Miera\" \/>\n<meta property=\"article:published_time\" content=\"2024-06-15T07:36:26+00:00\" \/>\n<meta property=\"og:image\" content=\"https:\/\/armariosmiera.es\/wp-content\/uploads\/2024\/06\/cuidado-de-la-madera-en-verano.png\" \/>\n\t<meta property=\"og:image:width\" content=\"1210\" \/>\n\t<meta property=\"og:image:height\" content=\"423\" \/>\n\t<meta property=\"og:image:type\" content=\"image\/png\" \/>\n<meta name=\"author\" content=\"Miera\" \/>\n<meta name=\"twitter:card\" content=\"summary_large_image\" \/>\n<meta name=\"twitter:label1\" content=\"Escrito por\" \/>\n\t<meta name=\"twitter:data1\" content=\"Miera\" \/>\n\t<meta name=\"twitter:label2\" content=\"Tiempo de lectura\" \/>\n\t<meta name=\"twitter:data2\" content=\"4 minutos\" \/>\n<script type=\"application\/ld+json\" class=\"yoast-schema-graph\">{\"@context\":\"https:\/\/schema.org\",\"@graph\":[{\"@type\":\"WebPage\",\"@id\":\"https:\/\/armariosmiera.es\/index.php\/2024\/06\/15\/consejos-para-proteger-tus-puertas-de-madera-en-verano\/\",\"url\":\"https:\/\/armariosmiera.es\/index.php\/2024\/06\/15\/consejos-para-proteger-tus-puertas-de-madera-en-verano\/\",\"name\":\"Consejos para proteger tus puertas de madera en verano - Puertas Miera\",\"isPartOf\":{\"@id\":\"https:\/\/armariosmiera.es\/#website\"},\"datePublished\":\"2024-06-15T07:36:26+00:00\",\"dateModified\":\"2024-06-15T07:36:26+00:00\",\"author\":{\"@id\":\"https:\/\/armariosmiera.es\/#\/schema\/person\/291b91268fb5141b8c02fe661ff9203c\"},\"description\":\"Si quieres cuidar las puertas de madera de tu casa en verano, te traemos todos los consejos que necesitas.\",\"breadcrumb\":{\"@id\":\"https:\/\/armariosmiera.es\/index.php\/2024\/06\/15\/consejos-para-proteger-tus-puertas-de-madera-en-verano\/#breadcrumb\"},\"inLanguage\":\"es\",\"potentialAction\":[{\"@type\":\"ReadAction\",\"target\":[\"https:\/\/armariosmiera.es\/index.php\/2024\/06\/15\/consejos-para-proteger-tus-puertas-de-madera-en-verano\/\"]}]},{\"@type\":\"BreadcrumbList\",\"@id\":\"https:\/\/armariosmiera.es\/index.php\/2024\/06\/15\/consejos-para-proteger-tus-puertas-de-madera-en-verano\/#breadcrumb\",\"itemListElement\":[{\"@type\":\"ListItem\",\"position\":1,\"name\":\"Portada\",\"item\":\"https:\/\/armariosmiera.es\/index.php\/home\/\"},{\"@type\":\"ListItem\",\"position\":2,\"name\":\"Consejos para proteger tus puertas de madera en verano\"}]},{\"@type\":\"WebSite\",\"@id\":\"https:\/\/armariosmiera.es\/#website\",\"url\":\"https:\/\/armariosmiera.es\/\",\"name\":\"Puertas Miera\",\"description\":\"Especializados en puertas, armarios y cocinas.\",\"potentialAction\":[{\"@type\":\"SearchAction\",\"target\":{\"@type\":\"EntryPoint\",\"urlTemplate\":\"https:\/\/armariosmiera.es\/?s={search_term_string}\"},\"query-input\":\"required name=search_term_string\"}],\"inLanguage\":\"es\"},{\"@type\":\"Person\",\"@id\":\"https:\/\/armariosmiera.es\/#\/schema\/person\/291b91268fb5141b8c02fe661ff9203c\",\"name\":\"Miera\",\"image\":{\"@type\":\"ImageObject\",\"inLanguage\":\"es\",\"@id\":\"https:\/\/armariosmiera.es\/#\/schema\/person\/image\/\",\"url\":\"https:\/\/secure.gravatar.com\/avatar\/e75ca7f2a3ad5ff82de4d50d69a7726f?s=96&d=mm&r=g\",\"contentUrl\":\"https:\/\/secure.gravatar.com\/avatar\/e75ca7f2a3ad5ff82de4d50d69a7726f?s=96&d=mm&r=g\",\"caption\":\"Miera\"},\"url\":\"https:\/\/armariosmiera.es\/index.php\/author\/miera\/\"}]}<\/script>\n<!-- \/ Yoast SEO plugin. -->","yoast_head_json":{"title":"Consejos para proteger tus puertas de madera en verano - Puertas Miera","description":"Si quieres cuidar las puertas de madera de tu casa en verano, te traemos todos los consejos que necesitas.","robots":{"index":"index","follow":"follow","max-snippet":"max-snippet:-1","max-image-preview":"max-image-preview:large","max-video-preview":"max-video-preview:-1"},"canonical":"https:\/\/armariosmiera.es\/index.php\/2024\/06\/15\/consejos-para-proteger-tus-puertas-de-madera-en-verano\/","og_locale":"es_ES","og_type":"article","og_title":"Consejos para proteger tus puertas de madera en verano - Puertas Miera","og_description":"Si quieres cuidar las puertas de madera de tu casa en verano, te traemos todos los consejos que necesitas.","og_url":"https:\/\/armariosmiera.es\/index.php\/2024\/06\/15\/consejos-para-proteger-tus-puertas-de-madera-en-verano\/","og_site_name":"Puertas Miera","article_published_time":"2024-06-15T07:36:26+00:00","og_image":[{"width":1210,"height":423,"url":"https:\/\/armariosmiera.es\/wp-content\/uploads\/2024\/06\/cuidado-de-la-madera-en-verano.png","type":"image\/png"}],"author":"Miera","twitter_card":"summary_large_image","twitter_misc":{"Escrito por":"Miera","Tiempo de lectura":"4 minutos"},"schema":{"@context":"https:\/\/schema.org","@graph":[{"@type":"WebPage","@id":"https:\/\/armariosmiera.es\/index.php\/2024\/06\/15\/consejos-para-proteger-tus-puertas-de-madera-en-verano\/","url":"https:\/\/armariosmiera.es\/index.php\/2024\/06\/15\/consejos-para-proteger-tus-puertas-de-madera-en-verano\/","name":"Consejos para proteger tus puertas de madera en verano - Puertas Miera","isPartOf":{"@id":"https:\/\/armariosmiera.es\/#website"},"datePublished":"2024-06-15T07:36:26+00:00","dateModified":"2024-06-15T07:36:26+00:00","author":{"@id":"https:\/\/armariosmiera.es\/#\/schema\/person\/291b91268fb5141b8c02fe661ff9203c"},"description":"Si quieres cuidar las puertas de madera de tu casa en verano, te traemos todos los consejos que necesitas.","breadcrumb":{"@id":"https:\/\/armariosmiera.es\/index.php\/2024\/06\/15\/consejos-para-proteger-tus-puertas-de-madera-en-verano\/#breadcrumb"},"inLanguage":"es","potentialAction":[{"@type":"ReadAction","target":["https:\/\/armariosmiera.es\/index.php\/2024\/06\/15\/consejos-para-proteger-tus-puertas-de-madera-en-verano\/"]}]},{"@type":"BreadcrumbList","@id":"https:\/\/armariosmiera.es\/index.php\/2024\/06\/15\/consejos-para-proteger-tus-puertas-de-madera-en-verano\/#breadcrumb","itemListElement":[{"@type":"ListItem","position":1,"name":"Portada","item":"https:\/\/armariosmiera.es\/index.php\/home\/"},{"@type":"ListItem","position":2,"name":"Consejos para proteger tus puertas de madera en verano"}]},{"@type":"WebSite","@id":"https:\/\/armariosmiera.es\/#website","url":"https:\/\/armariosmiera.es\/","name":"Puertas Miera","description":"Especializados en puertas, armarios y cocinas.","potentialAction":[{"@type":"SearchAction","target":{"@type":"EntryPoint","urlTemplate":"https:\/\/armariosmiera.es\/?s={search_term_string}"},"query-input":"required name=search_term_string"}],"inLanguage":"es"},{"@type":"Person","@id":"https:\/\/armariosmiera.es\/#\/schema\/person\/291b91268fb5141b8c02fe661ff9203c","name":"Miera","image":{"@type":"ImageObject","inLanguage":"es","@id":"https:\/\/armariosmiera.es\/#\/schema\/person\/image\/","url":"https:\/\/secure.gravatar.com\/avatar\/e75ca7f2a3ad5ff82de4d50d69a7726f?s=96&d=mm&r=g","contentUrl":"https:\/\/secure.gravatar.com\/avatar\/e75ca7f2a3ad5ff82de4d50d69a7726f?s=96&d=mm&r=g","caption":"Miera"},"url":"https:\/\/armariosmiera.es\/index.php\/author\/miera\/"}]}},"_links":{"self":[{"href":"https:\/\/armariosmiera.es\/index.php\/wp-json\/wp\/v2\/posts\/1045"}],"collection":[{"href":"https:\/\/armariosmiera.es\/index.php\/wp-json\/wp\/v2\/posts"}],"about":[{"href":"https:\/\/armariosmiera.es\/index.php\/wp-json\/wp\/v2\/types\/post"}],"author":[{"embeddable":true,"href":"https:\/\/armariosmiera.es\/index.php\/wp-json\/wp\/v2\/users\/5"}],"replies":[{"embeddable":true,"href":"https:\/\/armariosmiera.es\/index.php\/wp-json\/wp\/v2\/comments?post=1045"}],"version-history":[{"count":7,"href":"https:\/\/armariosmiera.es\/index.php\/wp-json\/wp\/v2\/posts\/1045\/revisions"}],"predecessor-version":[{"id":1071,"href":"https:\/\/armariosmiera.es\/index.php\/wp-json\/wp\/v2\/posts\/1045\/revisions\/1071"}],"wp:featuredmedia":[{"embeddable":true,"href":"https:\/\/armariosmiera.es\/index.php\/wp-json\/wp\/v2\/media\/1069"}],"wp:attachment":[{"href":"https:\/\/armariosmiera.es\/index.php\/wp-json\/wp\/v2\/media?parent=1045"}],"wp:term":[{"taxonomy":"category","embeddable":true,"href":"https:\/\/armariosmiera.es\/index.php\/wp-json\/wp\/v2\/categories?post=1045"},{"taxonomy":"post_tag","embeddable":true,"href":"https:\/\/armariosmiera.es\/index.php\/wp-json\/wp\/v2\/tags?post=1045"}],"curies":[{"name":"wp","href":"https:\/\/api.w.org\/{rel}","templated":true}]}}