{"id":1728,"date":"2026-09-01T03:40:35","date_gmt":"2026-09-01T03:40:35","guid":{"rendered":"https:\/\/armariosmiera.es\/?p=1728"},"modified":"2026-07-13T07:42:20","modified_gmt":"2026-07-13T07:42:20","slug":"la-evolucion-de-las-cocinas-de-espacio-de-trabajo-a-centro-del-hogar","status":"publish","type":"post","link":"https:\/\/armariosmiera.es\/index.php\/2026\/09\/01\/la-evolucion-de-las-cocinas-de-espacio-de-trabajo-a-centro-del-hogar\/","title":{"rendered":"La evoluci\u00f3n de las cocinas: de espacio de trabajo a centro del hogar"},"content":{"rendered":"<p>La evoluci\u00f3n de las cocinas refleja como pocos espacios la transformaci\u00f3n que han experimentado nuestras viviendas a lo largo de los a\u00f1os. Lo que antes era una estancia reservada casi exclusivamente para cocinar, hoy se ha convertido en un lugar donde la familia se re\u00fane, se conversa, se trabaja, se celebran momentos especiales y se comparte buena parte de la vida cotidiana.<\/p>\n<p>Este cambio ha influido directamente en la forma de dise\u00f1ar las cocinas. Ya no basta con que sean funcionales; tambi\u00e9n deben ser c\u00f3modas, acogedoras y capaces de adaptarse a un estilo de vida mucho m\u00e1s din\u00e1mico.<\/p>\n<p><!--more--><\/p>\n<p>Las necesidades de las familias han cambiado y la cocina ha sabido evolucionar con ellas. El aumento de los espacios abiertos, la incorporaci\u00f3n de nuevas tecnolog\u00edas y la importancia que ha adquirido el dise\u00f1o han transformado por completo este ambiente de la vivienda.<\/p>\n<p>Hoy, planificar una cocina significa pensar en c\u00f3mo se vivir\u00e1 ese espacio durante muchos a\u00f1os. La distribuci\u00f3n, el almacenamiento, los materiales y la relaci\u00f3n con el resto de la casa son aspectos que cobran tanto protagonismo como la propia est\u00e9tica.<\/p>\n<p>En Miera llevamos m\u00e1s de 40 a\u00f1os haciendo puertas, armarios y cocinas. Nos encantar\u00eda que conocieras nuestro trabajo por lo que te invitamos a que visites nuestro perfil de Instagram <a href=\"https:\/\/www.instagram.com\/puertasmiera\/\">@puertasmiera<\/a> donde cada d\u00eda publicamos obras que hemos realizado.<\/p>\n<h2>Cuando la cocina era un espacio independiente<\/h2>\n<p>Durante d\u00e9cadas, la cocina fue una estancia completamente separada del resto de la vivienda. Su funci\u00f3n era eminentemente pr\u00e1ctica y estaba pensada para realizar las tareas dom\u00e9sticas con la mayor eficiencia posible.<\/p>\n<p>En muchas casas permanec\u00eda cerrada mediante una puerta que aislaba los olores y el ruido del resto de habitaciones. El mobiliario respond\u00eda a criterios puramente funcionales y apenas exist\u00eda preocupaci\u00f3n por la integraci\u00f3n est\u00e9tica con el resto del hogar.<\/p>\n<p>En aquella \u00e9poca, cocinar era una actividad mucho m\u00e1s privada y la cocina apenas ten\u00eda relaci\u00f3n con la vida social de la vivienda.<\/p>\n<h2>El cambio hacia espacios m\u00e1s abiertos<\/h2>\n<p>Con el paso del tiempo comenz\u00f3 a cambiar la forma de entender la vivienda. Las familias buscaban espacios m\u00e1s amplios, luminosos y comunicados entre s\u00ed.<\/p>\n<p>Este cambio dio lugar a la popularidad de las cocinas abiertas al sal\u00f3n o al comedor. Al eliminar barreras visuales, la cocina dej\u00f3 de ser un espacio aislado para integrarse plenamente en la vida diaria de la casa.<\/p>\n<p>Esta transformaci\u00f3n no solo modific\u00f3 la distribuci\u00f3n de las viviendas, sino tambi\u00e9n la forma de relacionarse. Cocinar pas\u00f3 a convertirse en una actividad compartida, donde preparar una comida ya no implicaba dejar de participar en la conversaci\u00f3n familiar o con los invitados.<\/p>\n<h2>La cocina como lugar de encuentro<\/h2>\n<p>Hoy resulta dif\u00edcil imaginar una vivienda moderna en la que la cocina no tenga un papel protagonista. Es habitual desayunar en ella, ayudar a los ni\u00f1os con los deberes mientras se prepara la cena, teletrabajar unas horas o simplemente reunirse alrededor de una isla para conversar.<\/p>\n<p>La cocina ha dejado de ser \u00fanicamente un lugar donde se preparan alimentos. Se ha convertido en un espacio multifuncional que acompa\u00f1a gran parte de la vida cotidiana.<\/p>\n<p>Esta nueva forma de utilizarla ha hecho que el dise\u00f1o se centre cada vez m\u00e1s en la comodidad, la circulaci\u00f3n entre zonas y la creaci\u00f3n de ambientes acogedores.<\/p>\n<h2>El dise\u00f1o tambi\u00e9n ha evolucionado<\/h2>\n<p>La evoluci\u00f3n de las cocinas no solo se aprecia en la distribuci\u00f3n. Tambi\u00e9n ha cambiado profundamente el dise\u00f1o del mobiliario y los materiales.<\/p>\n<p>Las l\u00edneas rectas, los muebles sin tiradores visibles, las campanas integradas y las soluciones de almacenamiento inteligente han dado paso a cocinas mucho m\u00e1s limpias visualmente.<\/p>\n<p>Los acabados actuales buscan combinar belleza y resistencia, mientras que la iluminaci\u00f3n desempe\u00f1a un papel fundamental para crear ambientes agradables en cualquier momento del d\u00eda.<\/p>\n<p>Todo ello responde a una idea muy clara: la cocina ya no es un espacio secundario, sino una de las estancias m\u00e1s importantes del hogar.<\/p>\n<h2>Cocinas pensadas para adaptarse a cada familia<\/h2>\n<p>Cada hogar tiene unas necesidades diferentes. Hay familias numerosas que necesitan una gran capacidad de almacenamiento, parejas que priorizan una cocina abierta para recibir invitados o personas que disfrutan cocinando y buscan una distribuci\u00f3n especialmente funcional.<\/p>\n<p>Por eso, las cocinas a medida han ganado tanto protagonismo. Permiten aprovechar al m\u00e1ximo el espacio disponible y adaptar cada detalle a la forma de vivir de quienes utilizar\u00e1n la cocina cada d\u00eda.<\/p>\n<p>Esta personalizaci\u00f3n hace posible que dise\u00f1o y funcionalidad vayan siempre de la mano.<\/p>\n<h2>Tecnolog\u00eda y sostenibilidad: el siguiente paso<\/h2>\n<p>La innovaci\u00f3n tambi\u00e9n forma parte de la evoluci\u00f3n de las cocinas. Electrodom\u00e9sticos m\u00e1s eficientes, sistemas de apertura ergon\u00f3micos, iluminaci\u00f3n LED, materiales reciclables o soluciones que reducen el consumo energ\u00e9tico son ya una realidad en muchos hogares.<\/p>\n<p>Al mismo tiempo, crece el inter\u00e9s por materiales duraderos y de f\u00e1cil mantenimiento, capaces de conservar su aspecto con el paso de los a\u00f1os sin renunciar a un dise\u00f1o actual.<\/p>\n<p>La cocina del presente no solo busca ser bonita y pr\u00e1ctica; tambi\u00e9n pretende ser m\u00e1s eficiente y sostenible.<\/p>\n<h2>El futuro de las cocinas seguir\u00e1 girando alrededor de las personas<\/h2>\n<p class=\"isSelectedEnd\">Si algo demuestra la evoluci\u00f3n de las cocinas es que su transformaci\u00f3n siempre ha estado ligada a la forma en que vivimos. Las tendencias cambian, aparecen nuevos materiales y la tecnolog\u00eda avanza, pero el objetivo sigue siendo el mismo: crear un espacio c\u00f3modo, funcional y pensado para disfrutar.<\/p>\n<p>Todo apunta a que las cocinas del futuro seguir\u00e1n apostando por la flexibilidad, la personalizaci\u00f3n y la integraci\u00f3n con el resto de la vivienda. Espacios donde cocinar sea solo una parte de todo lo que ocurre a lo largo del d\u00eda.<\/p>\n<p>La evoluci\u00f3n de las cocinas ha convertido una estancia tradicionalmente funcional en el aut\u00e9ntico coraz\u00f3n del hogar. Hoy es un espacio donde conviven dise\u00f1o, tecnolog\u00eda, organizaci\u00f3n y vida familiar, respondiendo a necesidades muy diferentes de las que exist\u00edan hace apenas unas d\u00e9cadas.<\/p>\n<p>Dise\u00f1ar una cocina ya no consiste \u00fanicamente en elegir muebles o electrodom\u00e9sticos. Significa crear un lugar preparado para compartir, disfrutar y adaptarse a quienes lo utilizar\u00e1n cada d\u00eda. Porque las mejores cocinas no son solo las m\u00e1s bonitas, sino aquellas que consiguen formar parte de la vida de quienes las habitan.<\/p>\n","protected":false},"excerpt":{"rendered":"<p>La evoluci\u00f3n de las cocinas refleja como pocos espacios la transformaci\u00f3n que han experimentado nuestras viviendas a lo largo de los a\u00f1os. Lo que antes era una estancia reservada casi exclusivamente para cocinar, hoy se ha convertido en un lugar donde la familia se re\u00fane, se conversa, se trabaja, se celebran momentos especiales y se [&hellip;]<\/p>\n","protected":false},"author":5,"featured_media":1730,"comment_status":"open","ping_status":"closed","sticky":false,"template":"","format":"standard","meta":{"footnotes":""},"categories":[34,42],"tags":[],"yoast_head":"<!-- This site is optimized with the Yoast SEO plugin v21.7 - https:\/\/yoast.com\/wordpress\/plugins\/seo\/ -->\n<title>La evoluci\u00f3n de las cocinas: de espacio de trabajo a centro del hogar - Puertas Miera<\/title>\n<meta name=\"description\" content=\"Descubre la evoluci\u00f3n de las cocinas y c\u00f3mo han pasado de ser un espacio exclusivamente funcional a convertirse en el centro del hogar.\" \/>\n<meta name=\"robots\" content=\"index, follow, max-snippet:-1, max-image-preview:large, max-video-preview:-1\" \/>\n<link rel=\"canonical\" href=\"https:\/\/armariosmiera.es\/index.php\/2026\/09\/01\/la-evolucion-de-las-cocinas-de-espacio-de-trabajo-a-centro-del-hogar\/\" \/>\n<meta property=\"og:locale\" content=\"es_ES\" \/>\n<meta property=\"og:type\" content=\"article\" \/>\n<meta property=\"og:title\" content=\"La evoluci\u00f3n de las cocinas: de espacio de trabajo a centro del hogar - Puertas Miera\" \/>\n<meta property=\"og:description\" content=\"Descubre la evoluci\u00f3n de las cocinas y c\u00f3mo han pasado de ser un espacio exclusivamente funcional a convertirse en el centro del hogar.\" \/>\n<meta property=\"og:url\" content=\"https:\/\/armariosmiera.es\/index.php\/2026\/09\/01\/la-evolucion-de-las-cocinas-de-espacio-de-trabajo-a-centro-del-hogar\/\" \/>\n<meta property=\"og:site_name\" content=\"Puertas Miera\" \/>\n<meta property=\"article:published_time\" content=\"2026-09-01T03:40:35+00:00\" \/>\n<meta property=\"article:modified_time\" content=\"2026-07-13T07:42:20+00:00\" \/>\n<meta property=\"og:image\" content=\"https:\/\/armariosmiera.es\/wp-content\/uploads\/2026\/07\/1092026.png\" \/>\n\t<meta property=\"og:image:width\" content=\"1210\" \/>\n\t<meta property=\"og:image:height\" content=\"423\" \/>\n\t<meta property=\"og:image:type\" content=\"image\/png\" \/>\n<meta name=\"author\" content=\"Miera\" \/>\n<meta name=\"twitter:card\" content=\"summary_large_image\" \/>\n<meta name=\"twitter:label1\" content=\"Escrito por\" \/>\n\t<meta name=\"twitter:data1\" content=\"Miera\" \/>\n\t<meta name=\"twitter:label2\" content=\"Tiempo de lectura\" \/>\n\t<meta name=\"twitter:data2\" content=\"5 minutos\" \/>\n<script type=\"application\/ld+json\" class=\"yoast-schema-graph\">{\"@context\":\"https:\/\/schema.org\",\"@graph\":[{\"@type\":\"WebPage\",\"@id\":\"https:\/\/armariosmiera.es\/index.php\/2026\/09\/01\/la-evolucion-de-las-cocinas-de-espacio-de-trabajo-a-centro-del-hogar\/\",\"url\":\"https:\/\/armariosmiera.es\/index.php\/2026\/09\/01\/la-evolucion-de-las-cocinas-de-espacio-de-trabajo-a-centro-del-hogar\/\",\"name\":\"La evoluci\u00f3n de las cocinas: de espacio de trabajo a centro del hogar - Puertas Miera\",\"isPartOf\":{\"@id\":\"https:\/\/armariosmiera.es\/#website\"},\"datePublished\":\"2026-09-01T03:40:35+00:00\",\"dateModified\":\"2026-07-13T07:42:20+00:00\",\"author\":{\"@id\":\"https:\/\/armariosmiera.es\/#\/schema\/person\/291b91268fb5141b8c02fe661ff9203c\"},\"description\":\"Descubre la evoluci\u00f3n de las cocinas y c\u00f3mo han pasado de ser un espacio exclusivamente funcional a convertirse en el centro del hogar.\",\"breadcrumb\":{\"@id\":\"https:\/\/armariosmiera.es\/index.php\/2026\/09\/01\/la-evolucion-de-las-cocinas-de-espacio-de-trabajo-a-centro-del-hogar\/#breadcrumb\"},\"inLanguage\":\"es\",\"potentialAction\":[{\"@type\":\"ReadAction\",\"target\":[\"https:\/\/armariosmiera.es\/index.php\/2026\/09\/01\/la-evolucion-de-las-cocinas-de-espacio-de-trabajo-a-centro-del-hogar\/\"]}]},{\"@type\":\"BreadcrumbList\",\"@id\":\"https:\/\/armariosmiera.es\/index.php\/2026\/09\/01\/la-evolucion-de-las-cocinas-de-espacio-de-trabajo-a-centro-del-hogar\/#breadcrumb\",\"itemListElement\":[{\"@type\":\"ListItem\",\"position\":1,\"name\":\"Portada\",\"item\":\"https:\/\/armariosmiera.es\/index.php\/home\/\"},{\"@type\":\"ListItem\",\"position\":2,\"name\":\"La evoluci\u00f3n de las cocinas: de espacio de trabajo a centro del hogar\"}]},{\"@type\":\"WebSite\",\"@id\":\"https:\/\/armariosmiera.es\/#website\",\"url\":\"https:\/\/armariosmiera.es\/\",\"name\":\"Puertas Miera\",\"description\":\"Especializados en puertas, armarios y cocinas.\",\"potentialAction\":[{\"@type\":\"SearchAction\",\"target\":{\"@type\":\"EntryPoint\",\"urlTemplate\":\"https:\/\/armariosmiera.es\/?s={search_term_string}\"},\"query-input\":\"required name=search_term_string\"}],\"inLanguage\":\"es\"},{\"@type\":\"Person\",\"@id\":\"https:\/\/armariosmiera.es\/#\/schema\/person\/291b91268fb5141b8c02fe661ff9203c\",\"name\":\"Miera\",\"image\":{\"@type\":\"ImageObject\",\"inLanguage\":\"es\",\"@id\":\"https:\/\/armariosmiera.es\/#\/schema\/person\/image\/\",\"url\":\"https:\/\/secure.gravatar.com\/avatar\/e75ca7f2a3ad5ff82de4d50d69a7726f?s=96&d=mm&r=g\",\"contentUrl\":\"https:\/\/secure.gravatar.com\/avatar\/e75ca7f2a3ad5ff82de4d50d69a7726f?s=96&d=mm&r=g\",\"caption\":\"Miera\"},\"url\":\"https:\/\/armariosmiera.es\/index.php\/author\/miera\/\"}]}<\/script>\n<!-- \/ Yoast SEO plugin. -->","yoast_head_json":{"title":"La evoluci\u00f3n de las cocinas: de espacio de trabajo a centro del hogar - Puertas Miera","description":"Descubre la evoluci\u00f3n de las cocinas y c\u00f3mo han pasado de ser un espacio exclusivamente funcional a convertirse en el centro del hogar.","robots":{"index":"index","follow":"follow","max-snippet":"max-snippet:-1","max-image-preview":"max-image-preview:large","max-video-preview":"max-video-preview:-1"},"canonical":"https:\/\/armariosmiera.es\/index.php\/2026\/09\/01\/la-evolucion-de-las-cocinas-de-espacio-de-trabajo-a-centro-del-hogar\/","og_locale":"es_ES","og_type":"article","og_title":"La evoluci\u00f3n de las cocinas: de espacio de trabajo a centro del hogar - Puertas Miera","og_description":"Descubre la evoluci\u00f3n de las cocinas y c\u00f3mo han pasado de ser un espacio exclusivamente funcional a convertirse en el centro del hogar.","og_url":"https:\/\/armariosmiera.es\/index.php\/2026\/09\/01\/la-evolucion-de-las-cocinas-de-espacio-de-trabajo-a-centro-del-hogar\/","og_site_name":"Puertas Miera","article_published_time":"2026-09-01T03:40:35+00:00","article_modified_time":"2026-07-13T07:42:20+00:00","og_image":[{"width":1210,"height":423,"url":"https:\/\/armariosmiera.es\/wp-content\/uploads\/2026\/07\/1092026.png","type":"image\/png"}],"author":"Miera","twitter_card":"summary_large_image","twitter_misc":{"Escrito por":"Miera","Tiempo de lectura":"5 minutos"},"schema":{"@context":"https:\/\/schema.org","@graph":[{"@type":"WebPage","@id":"https:\/\/armariosmiera.es\/index.php\/2026\/09\/01\/la-evolucion-de-las-cocinas-de-espacio-de-trabajo-a-centro-del-hogar\/","url":"https:\/\/armariosmiera.es\/index.php\/2026\/09\/01\/la-evolucion-de-las-cocinas-de-espacio-de-trabajo-a-centro-del-hogar\/","name":"La evoluci\u00f3n de las cocinas: de espacio de trabajo a centro del hogar - Puertas Miera","isPartOf":{"@id":"https:\/\/armariosmiera.es\/#website"},"datePublished":"2026-09-01T03:40:35+00:00","dateModified":"2026-07-13T07:42:20+00:00","author":{"@id":"https:\/\/armariosmiera.es\/#\/schema\/person\/291b91268fb5141b8c02fe661ff9203c"},"description":"Descubre la evoluci\u00f3n de las cocinas y c\u00f3mo han pasado de ser un espacio exclusivamente funcional a convertirse en el centro del hogar.","breadcrumb":{"@id":"https:\/\/armariosmiera.es\/index.php\/2026\/09\/01\/la-evolucion-de-las-cocinas-de-espacio-de-trabajo-a-centro-del-hogar\/#breadcrumb"},"inLanguage":"es","potentialAction":[{"@type":"ReadAction","target":["https:\/\/armariosmiera.es\/index.php\/2026\/09\/01\/la-evolucion-de-las-cocinas-de-espacio-de-trabajo-a-centro-del-hogar\/"]}]},{"@type":"BreadcrumbList","@id":"https:\/\/armariosmiera.es\/index.php\/2026\/09\/01\/la-evolucion-de-las-cocinas-de-espacio-de-trabajo-a-centro-del-hogar\/#breadcrumb","itemListElement":[{"@type":"ListItem","position":1,"name":"Portada","item":"https:\/\/armariosmiera.es\/index.php\/home\/"},{"@type":"ListItem","position":2,"name":"La evoluci\u00f3n de las cocinas: de espacio de trabajo a centro del hogar"}]},{"@type":"WebSite","@id":"https:\/\/armariosmiera.es\/#website","url":"https:\/\/armariosmiera.es\/","name":"Puertas Miera","description":"Especializados en puertas, armarios y cocinas.","potentialAction":[{"@type":"SearchAction","target":{"@type":"EntryPoint","urlTemplate":"https:\/\/armariosmiera.es\/?s={search_term_string}"},"query-input":"required name=search_term_string"}],"inLanguage":"es"},{"@type":"Person","@id":"https:\/\/armariosmiera.es\/#\/schema\/person\/291b91268fb5141b8c02fe661ff9203c","name":"Miera","image":{"@type":"ImageObject","inLanguage":"es","@id":"https:\/\/armariosmiera.es\/#\/schema\/person\/image\/","url":"https:\/\/secure.gravatar.com\/avatar\/e75ca7f2a3ad5ff82de4d50d69a7726f?s=96&d=mm&r=g","contentUrl":"https:\/\/secure.gravatar.com\/avatar\/e75ca7f2a3ad5ff82de4d50d69a7726f?s=96&d=mm&r=g","caption":"Miera"},"url":"https:\/\/armariosmiera.es\/index.php\/author\/miera\/"}]}},"_links":{"self":[{"href":"https:\/\/armariosmiera.es\/index.php\/wp-json\/wp\/v2\/posts\/1728"}],"collection":[{"href":"https:\/\/armariosmiera.es\/index.php\/wp-json\/wp\/v2\/posts"}],"about":[{"href":"https:\/\/armariosmiera.es\/index.php\/wp-json\/wp\/v2\/types\/post"}],"author":[{"embeddable":true,"href":"https:\/\/armariosmiera.es\/index.php\/wp-json\/wp\/v2\/users\/5"}],"replies":[{"embeddable":true,"href":"https:\/\/armariosmiera.es\/index.php\/wp-json\/wp\/v2\/comments?post=1728"}],"version-history":[{"count":2,"href":"https:\/\/armariosmiera.es\/index.php\/wp-json\/wp\/v2\/posts\/1728\/revisions"}],"predecessor-version":[{"id":1731,"href":"https:\/\/armariosmiera.es\/index.php\/wp-json\/wp\/v2\/posts\/1728\/revisions\/1731"}],"wp:featuredmedia":[{"embeddable":true,"href":"https:\/\/armariosmiera.es\/index.php\/wp-json\/wp\/v2\/media\/1730"}],"wp:attachment":[{"href":"https:\/\/armariosmiera.es\/index.php\/wp-json\/wp\/v2\/media?parent=1728"}],"wp:term":[{"taxonomy":"category","embeddable":true,"href":"https:\/\/armariosmiera.es\/index.php\/wp-json\/wp\/v2\/categories?post=1728"},{"taxonomy":"post_tag","embeddable":true,"href":"https:\/\/armariosmiera.es\/index.php\/wp-json\/wp\/v2\/tags?post=1728"}],"curies":[{"name":"wp","href":"https:\/\/api.w.org\/{rel}","templated":true}]}}